{"id":1,"date":"2023-05-26T08:54:18","date_gmt":"2023-05-26T08:54:18","guid":{"rendered":"https:\/\/martin.52496.xyz\/?p=1"},"modified":"2024-11-06T18:57:53","modified_gmt":"2024-11-06T16:57:53","slug":"hello-world","status":"publish","type":"post","link":"https:\/\/martincharlier.be\/index.php\/2023\/05\/26\/hello-world\/","title":{"rendered":"Le petit Martin chante le Grand JOJO"},"content":{"rendered":"\n<p class=\"has-text-align-center\">Moi quand j\u2019\u00e9tais petit, je voulais faire Grand Jojo ou Roger Laboureur comme m\u00e9tier. H\u00e9 oui, je pensais que c\u2019\u00e9tait des m\u00e9tiers\u2026 Mon parcours m a amen\u00e9 \u00e0 croiser le Grand Jojo \u00e0 de nombreuses reprises, et toujours avec le m\u00eame bonheur. Lorsque nous lui avons rendu hommage lors du Bal National en 2022, ses musiciens et moi avons vu comme \u00e9vidence le fait de prolonger cet hommage en lui consacrant une tourn\u00e9e festive. Loccasion \u00e9tait trop belle de m\u2019unir \u00e0 celui qui a berc\u00e9 toute ma jeunesse. De grands moments en perspective, plus qu\u2019une exp\u00e9rience, un aboutissement !<\/p>\n\n\n\n<p><\/p>\n","protected":false},"excerpt":{"rendered":"<p>Moi quand j\u2019\u00e9tais petit, je voulais faire Grand Jojo ou Roger Laboureur comme m\u00e9tier. H\u00e9 oui, je pensais que c\u2019\u00e9tait des m\u00e9tiers\u2026 Mon parcours m a amen\u00e9 \u00e0 croiser le Grand Jojo \u00e0 de nombreuses reprises, et toujours avec le m\u00eame bonheur. Lorsque nous lui avons rendu hommage lors du Bal National en 2022, ses&#8230;<\/p>\n","protected":false},"author":1,"featured_media":47,"comment_status":"closed","ping_status":"open","sticky":false,"template":"","format":"standard","meta":{"_kad_blocks_custom_css":"","_kad_blocks_head_custom_js":"","_kad_blocks_body_custom_js":"","_kad_blocks_footer_custom_js":"","_kad_post_transparent":"","_kad_post_title":"","_kad_post_layout":"","_kad_post_sidebar_id":"","_kad_post_content_style":"","_kad_post_vertical_padding":"","_kad_post_feature":"","_kad_post_feature_position":"","_kad_post_header":false,"_kad_post_footer":false,"footnotes":""},"categories":[4],"tags":[],"class_list":["post-1","post","type-post","status-publish","format-standard","has-post-thumbnail","hentry","category-spectacle-hommage-de-martin-charlier-au-grand-jojo"],"taxonomy_info":{"category":[{"value":4,"label":"Spectacle hommage de Martin Charlier au Grand Jojo"}]},"featured_image_src_large":["https:\/\/martincharlier.be\/wp-content\/uploads\/2024\/03\/grand-jojo-633x1024.jpg",633,1024,true],"author_info":{"display_name":"shadow","author_link":"https:\/\/martincharlier.be\/index.php\/author\/shadow\/"},"comment_info":1,"category_info":[{"term_id":4,"name":"Spectacle hommage de Martin Charlier au Grand Jojo","slug":"spectacle-hommage-de-martin-charlier-au-grand-jojo","term_group":0,"term_taxonomy_id":4,"taxonomy":"category","description":"","parent":0,"count":1,"filter":"raw","cat_ID":4,"category_count":1,"category_description":"","cat_name":"Spectacle hommage de Martin Charlier au Grand Jojo","category_nicename":"spectacle-hommage-de-martin-charlier-au-grand-jojo","category_parent":0}],"tag_info":false,"_links":{"self":[{"href":"https:\/\/martincharlier.be\/index.php\/wp-json\/wp\/v2\/posts\/1","targetHints":{"allow":["GET"]}}],"collection":[{"href":"https:\/\/martincharlier.be\/index.php\/wp-json\/wp\/v2\/posts"}],"about":[{"href":"https:\/\/martincharlier.be\/index.php\/wp-json\/wp\/v2\/types\/post"}],"author":[{"embeddable":true,"href":"https:\/\/martincharlier.be\/index.php\/wp-json\/wp\/v2\/users\/1"}],"replies":[{"embeddable":true,"href":"https:\/\/martincharlier.be\/index.php\/wp-json\/wp\/v2\/comments?post=1"}],"version-history":[{"count":5,"href":"https:\/\/martincharlier.be\/index.php\/wp-json\/wp\/v2\/posts\/1\/revisions"}],"predecessor-version":[{"id":202,"href":"https:\/\/martincharlier.be\/index.php\/wp-json\/wp\/v2\/posts\/1\/revisions\/202"}],"wp:featuredmedia":[{"embeddable":true,"href":"https:\/\/martincharlier.be\/index.php\/wp-json\/wp\/v2\/media\/47"}],"wp:attachment":[{"href":"https:\/\/martincharlier.be\/index.php\/wp-json\/wp\/v2\/media?parent=1"}],"wp:term":[{"taxonomy":"category","embeddable":true,"href":"https:\/\/martincharlier.be\/index.php\/wp-json\/wp\/v2\/categories?post=1"},{"taxonomy":"post_tag","embeddable":true,"href":"https:\/\/martincharlier.be\/index.php\/wp-json\/wp\/v2\/tags?post=1"}],"curies":[{"name":"wp","href":"https:\/\/api.w.org\/{rel}","templated":true}]}}